{"id":6129,"date":"2025-11-03T05:33:08","date_gmt":"2025-11-03T05:33:08","guid":{"rendered":"https:\/\/plalogistics.co.id\/draft1\/?p=6129"},"modified":"2025-11-03T05:33:08","modified_gmt":"2025-11-03T05:33:08","slug":"mercato-om-dani-ceballos-a-deja-dit-oui-a-lom","status":"publish","type":"post","link":"https:\/\/plalogistics.co.id\/draft1\/mercato-om-dani-ceballos-a-deja-dit-oui-a-lom\/","title":{"rendered":"Mercato OM : Dani Ceballos a d\u00e9j\u00e0 dit oui \u00e0 l\u2019OM !"},"content":{"rendered":"<h1>Mercato OM : Dani Ceballos a d\u00e9j\u00e0 dit oui \u00e0 l\u2019OM !<\/h1>\n<p>Lors d\u2019un live sur <em>DAZN<\/em> aux c\u00f4t\u00e9s de <strong>Fabrizio Romano<\/strong>, <strong>Matteo Moretto<\/strong> a confirm\u00e9 une avanc\u00e9e majeure dans le dossier <strong>Dani Ceballos<\/strong> : le milieu de terrain espagnol a d\u00e9j\u00e0 donn\u00e9 son accord verbal \u00e0 l\u2019Olympique de Marseille. Le club phoc\u00e9en et le joueur se sont entendus sur les bases salariales, estim\u00e9es autour de 6 millions d\u2019euros par an. Mais l\u2019op\u00e9ration reste suspendue \u00e0 un accord entre l\u2019OM et le Real Madrid.<\/p>\n<blockquote><p><strong><a href=\"https:\/\/casino-trouville-fr.com\/casino-trouville-app\/\" target=\"_blank\" rel=\"dofollow\">casino trouville app<\/a><\/strong> &#8211; Vous \u00eates passionn\u00e9 de jeux de hasard et cherchez une exp\u00e9rience immersive sans avoir \u00e0 vous d\u00e9placer ? Et si une application mobile pouvait vous offrir tout<\/p><\/blockquote>\n<p>En effet, les deux clubs discutent actuellement de la formule du transfert. Selon le journaliste, la piste privil\u00e9gi\u00e9e serait un pr\u00eat avec option d\u2019achat, qui pourrait devenir obligatoire en fonction de certaines conditions. Les montants \u00e9voqu\u00e9s oscillent entre 12 et 15 millions d\u2019euros, ce qui correspond \u00e0 la valeur actuelle du joueur sur le march\u00e9.<\/p>\n<p>Le principal obstacle r\u00e9side donc dans les n\u00e9gociations entre dirigeants. Le Real Madrid souhaite s\u00e9curiser ses int\u00e9r\u00eats, alors que l\u2019OM tente de trouver la meilleure formule financi\u00e8re pour ne pas alourdir son budget imm\u00e9diatement. Pour l\u2019instant, les pourparlers se poursuivent, et l\u2019optimisme reste prudent du c\u00f4t\u00e9 marseillais.<\/p>\n<p>La perspective de voir Dani Ceballos d\u00e9barquer au V\u00e9lodrome est n\u00e9anmoins r\u00e9elle. \u00c0 29 ans, l&#x27;espagnol cherche du temps de jeu qu&#x27;il n&#x27;aura pas \u00e0 Madrid, o\u00f9 la concurrence est f\u00e9roce au milieu de terrain. L\u2019OM, de son c\u00f4t\u00e9, poursuit sa strat\u00e9gie ambitieuse visant \u00e0 renforcer son effectif avec des profils confirm\u00e9s capables d\u2019apporter de l\u2019exp\u00e9rience et de la qualit\u00e9 technique.<\/p>\n<p>Si l\u2019accord entre clubs venait \u00e0 \u00eatre trouv\u00e9, l\u2019arriv\u00e9e de Ceballos constituerait un joli coup pour l\u2019OM, qui s\u2019offrirait un joueur rompu aux joutes europ\u00e9ennes et au plus haut niveau. Reste d\u00e9sormais \u00e0 franchir l\u2019\u00e9tape d\u00e9cisive : obtenir le feu vert d\u00e9finitif du Real Madrid.<\/p>\n<p><button class=\"button_button__AbnlE button_md__HB_Xg button_blue__rWPTN\">Retrouvez le tableau des transferts de l&#x27;OM ici<\/button><\/p>\n","protected":false},"excerpt":{"rendered":"<p>Mercato OM : Dani Ceballos a d\u00e9j\u00e0 dit oui \u00e0 l\u2019OM ! Lors d\u2019un live [&hellip;]<\/p>\n","protected":false},"author":1,"featured_media":0,"comment_status":"closed","ping_status":"open","sticky":false,"template":"","format":"standard","meta":{"footnotes":""},"categories":[136],"tags":[135],"class_list":["post-6129","post","type-post","status-publish","format-standard","hentry","category-cassino","tag-cassino"],"_links":{"self":[{"href":"https:\/\/plalogistics.co.id\/draft1\/wp-json\/wp\/v2\/posts\/6129","targetHints":{"allow":["GET"]}}],"collection":[{"href":"https:\/\/plalogistics.co.id\/draft1\/wp-json\/wp\/v2\/posts"}],"about":[{"href":"https:\/\/plalogistics.co.id\/draft1\/wp-json\/wp\/v2\/types\/post"}],"author":[{"embeddable":true,"href":"https:\/\/plalogistics.co.id\/draft1\/wp-json\/wp\/v2\/users\/1"}],"replies":[{"embeddable":true,"href":"https:\/\/plalogistics.co.id\/draft1\/wp-json\/wp\/v2\/comments?post=6129"}],"version-history":[{"count":1,"href":"https:\/\/plalogistics.co.id\/draft1\/wp-json\/wp\/v2\/posts\/6129\/revisions"}],"predecessor-version":[{"id":6130,"href":"https:\/\/plalogistics.co.id\/draft1\/wp-json\/wp\/v2\/posts\/6129\/revisions\/6130"}],"wp:attachment":[{"href":"https:\/\/plalogistics.co.id\/draft1\/wp-json\/wp\/v2\/media?parent=6129"}],"wp:term":[{"taxonomy":"category","embeddable":true,"href":"https:\/\/plalogistics.co.id\/draft1\/wp-json\/wp\/v2\/categories?post=6129"},{"taxonomy":"post_tag","embeddable":true,"href":"https:\/\/plalogistics.co.id\/draft1\/wp-json\/wp\/v2\/tags?post=6129"}],"curies":[{"name":"wp","href":"https:\/\/api.w.org\/{rel}","templated":true}]}}